{"id":498,"date":"2010-06-29T09:16:42","date_gmt":"2010-06-29T07:16:42","guid":{"rendered":"http:\/\/blogg.vm.ntnu.no\/sommerlarm\/?p=498"},"modified":"2010-06-29T09:16:42","modified_gmt":"2010-06-29T07:16:42","slug":"dag-1-gruppe2","status":"publish","type":"post","link":"https:\/\/blogg.vm.ntnu.no\/sommerlarm\/2010\/06\/29\/dag-1-gruppe2\/","title":{"rendered":"Dag 1 gruppe2  (uke 2)"},"content":{"rendered":"<p>I dag var vi ved \u00a0Nidelven .<\/p>\n<p>vi s\u00e5 Stokkand , T\u00e5rnseile , Hettem\u00e5ke , spor etter bever.<\/p>\n<p>Vi spiste lunch ned i kjellern.<\/p>\n<p>s\u00e5 gikk vi til Nidelven igjen og tok vannpr\u00f8ver,<\/p>\n<p>og der fant vi larver og fluer.<\/p>\n<p>Hilsen Gruppe2 \u00a0(Embla , Karen , Vegard og Marcus . )<\/p>\n<figure id=\"attachment_542\" aria-describedby=\"caption-attachment-542\" style=\"width: 150px\" class=\"wp-caption alignleft\"><a href=\"http:\/\/blogg.vm.ntnu.no\/sommerlarm\/files\/2010\/06\/DSC00180.jpg\"><img loading=\"lazy\" decoding=\"async\" class=\"size-thumbnail wp-image-542\" src=\"http:\/\/blogg.vm.ntnu.no\/sommerlarm\/files\/2010\/06\/DSC00180-150x150.jpg\" alt=\"\" width=\"150\" height=\"150\" \/><\/a><figcaption id=\"caption-attachment-542\" class=\"wp-caption-text\">Se opp for Hettem\u00e5ke p\u00e5 vei!!!! <\/figcaption><\/figure>\n","protected":false},"excerpt":{"rendered":"<p>I dag var vi ved \u00a0Nidelven . vi s\u00e5 Stokkand , T\u00e5rnseile , Hettem\u00e5ke , spor etter bever. Vi spiste lunch ned i kjellern. s\u00e5 gikk vi til Nidelven igjen og tok vannpr\u00f8ver, og der fant vi larver og fluer. Hilsen Gruppe2 \u00a0(Embla , Karen , Vegard og Marcus . )<\/p>\n","protected":false},"author":62,"featured_media":0,"comment_status":"open","ping_status":"open","sticky":false,"template":"","format":"standard","meta":{"_monsterinsights_skip_tracking":false,"_monsterinsights_sitenote_active":false,"_monsterinsights_sitenote_note":"","_monsterinsights_sitenote_category":0,"footnotes":""},"categories":[4],"tags":[],"class_list":["post-498","post","type-post","status-publish","format-standard","hentry","category-arkiv-2010"],"_links":{"self":[{"href":"https:\/\/blogg.vm.ntnu.no\/sommerlarm\/wp-json\/wp\/v2\/posts\/498","targetHints":{"allow":["GET"]}}],"collection":[{"href":"https:\/\/blogg.vm.ntnu.no\/sommerlarm\/wp-json\/wp\/v2\/posts"}],"about":[{"href":"https:\/\/blogg.vm.ntnu.no\/sommerlarm\/wp-json\/wp\/v2\/types\/post"}],"author":[{"embeddable":true,"href":"https:\/\/blogg.vm.ntnu.no\/sommerlarm\/wp-json\/wp\/v2\/users\/62"}],"replies":[{"embeddable":true,"href":"https:\/\/blogg.vm.ntnu.no\/sommerlarm\/wp-json\/wp\/v2\/comments?post=498"}],"version-history":[{"count":0,"href":"https:\/\/blogg.vm.ntnu.no\/sommerlarm\/wp-json\/wp\/v2\/posts\/498\/revisions"}],"wp:attachment":[{"href":"https:\/\/blogg.vm.ntnu.no\/sommerlarm\/wp-json\/wp\/v2\/media?parent=498"}],"wp:term":[{"taxonomy":"category","embeddable":true,"href":"https:\/\/blogg.vm.ntnu.no\/sommerlarm\/wp-json\/wp\/v2\/categories?post=498"},{"taxonomy":"post_tag","embeddable":true,"href":"https:\/\/blogg.vm.ntnu.no\/sommerlarm\/wp-json\/wp\/v2\/tags?post=498"}],"curies":[{"name":"wp","href":"https:\/\/api.w.org\/{rel}","templated":true}]}}