{"id":2180,"date":"2018-06-27T20:56:17","date_gmt":"2018-06-27T18:56:17","guid":{"rendered":"http:\/\/blogg.vm.ntnu.no\/sommerlarm\/?p=2180"},"modified":"2018-06-27T20:56:17","modified_gmt":"2018-06-27T18:56:17","slug":"skogen-pollinering-og-humlebuzz","status":"publish","type":"post","link":"https:\/\/blogg.vm.ntnu.no\/sommerlarm\/2018\/06\/27\/skogen-pollinering-og-humlebuzz\/","title":{"rendered":"Skogen, pollinering og humlebuzz!"},"content":{"rendered":"<p>I dag var det humler og skogen som stod i fokus. Humler, bier, blomster, insekter og alt det andre som man kan finne ute i naturen.<\/p>\n<p>Vi startet med en morgensamling p\u00e5 Vitenskapsmuseet, der vi snakket litt om bier og om pollinering. Dette gjorde vi fremfor bikuben vi har inne i en av utstillingene v\u00e5re. Etter en prat om hvorfor insekter er viktig for naturen, s\u00e5 kledde vi p\u00e5 oss og buzzet opp til Ringve Botaniske hage. For skal man ha om skog og humler, hva er da bedre enn \u00e5 dra ut \u00e5 se p\u00e5 humlene og biene? S\u00e5 ut p\u00e5 tur!<\/p>\n<figure id=\"attachment_2184\" aria-describedby=\"caption-attachment-2184\" style=\"width: 640px\" class=\"wp-caption aligncenter\"><a href=\"http:\/\/blogg.vm.ntnu.no\/sommerlarm\/files\/2018\/06\/anningeborg2-1.jpg\"><img loading=\"lazy\" decoding=\"async\" class=\"size-large wp-image-2184\" src=\"http:\/\/blogg.vm.ntnu.no\/sommerlarm\/files\/2018\/06\/anningeborg2-1-718x1024.jpg\" alt=\"Ser du hvilket tre Solbj\u00f8rg er? Furu eller gran? Foto: Ann-Ingeborg Grindhaug, NTNU Vitenskapsmuseet\" width=\"640\" height=\"913\" srcset=\"https:\/\/blogg.vm.ntnu.no\/sommerlarm\/files\/2018\/06\/anningeborg2-1-718x1024.jpg 718w, https:\/\/blogg.vm.ntnu.no\/sommerlarm\/files\/2018\/06\/anningeborg2-1-210x300.jpg 210w, https:\/\/blogg.vm.ntnu.no\/sommerlarm\/files\/2018\/06\/anningeborg2-1-768x1096.jpg 768w, https:\/\/blogg.vm.ntnu.no\/sommerlarm\/files\/2018\/06\/anningeborg2-1-420x600.jpg 420w\" sizes=\"auto, (max-width: 640px) 100vw, 640px\" \/><\/a><figcaption id=\"caption-attachment-2184\" class=\"wp-caption-text\"><em>Ser du hvilket tre Solbj\u00f8rg er? Furu eller gran? Foto: Ann-Ingeborg Grindhaug, NTNU Vitenskapsmuseet<\/em><\/figcaption><\/figure>\n<p>Oppe p\u00e5 Ringve m\u00f8tte vi\u00a0<em>Carina E. Aronsen<\/em> som skulle fortelle oss om skog og om pollinering. Vi fant fram til delen av hagen der tr\u00e6r fra Europa vokser, der er det mange tr\u00e6r vi kjenner fra norsk natur. I dag snakket vi mye om furu og gran, og hvorfor de er s\u00e5 forskjellige. Vi sjekket ogs\u00e5 ut hvordan et seljetre ser ut og hvorfor disse tr\u00e6rne er s\u00e5 viktige for humlene. Det er p\u00e5 v\u00e5ren seljetr\u00e6rne er viktige, for da lager de mat(pollen) til humlene. Pollen finner du p\u00e5 det vi kaller for &laquo;kattlabber&raquo; eller &laquo;g\u00e5sunger&raquo; som vokser p\u00e5 seljen om v\u00e5ren.Barna l\u00e6rte ogs\u00e5 forskjellen p\u00e5 damesejle og manneselje. Det er da at manneseljen har gule g\u00e5sunger, det har ikke dameseljen. Det gule er da mye pollen! Mens vi satt \u00e5 l\u00e6rte om seljen fikk vi et bes\u00f8k av et lite ekorn, som satt \u00e5 s\u00e5 p\u00e5 oss f\u00f8r det dro videre, kanskje det var n\u00f8tteliten?<\/p>\n<figure id=\"attachment_2185\" aria-describedby=\"caption-attachment-2185\" style=\"width: 640px\" class=\"wp-caption aligncenter\"><a href=\"http:\/\/blogg.vm.ntnu.no\/sommerlarm\/files\/2018\/06\/anningeborg3.jpg\"><img loading=\"lazy\" decoding=\"async\" class=\"size-large wp-image-2185\" src=\"http:\/\/blogg.vm.ntnu.no\/sommerlarm\/files\/2018\/06\/anningeborg3-754x1024.jpg\" alt=\"Ser p\u00e5 fr\u00f8, de er s\u00e5 sm\u00e5! Foto: Ann-Ingeborg Grindhaug, NTNU Vitenskapsmuseet\" width=\"640\" height=\"869\" srcset=\"https:\/\/blogg.vm.ntnu.no\/sommerlarm\/files\/2018\/06\/anningeborg3-754x1024.jpg 754w, https:\/\/blogg.vm.ntnu.no\/sommerlarm\/files\/2018\/06\/anningeborg3-221x300.jpg 221w, https:\/\/blogg.vm.ntnu.no\/sommerlarm\/files\/2018\/06\/anningeborg3-768x1043.jpg 768w, https:\/\/blogg.vm.ntnu.no\/sommerlarm\/files\/2018\/06\/anningeborg3-442x600.jpg 442w\" sizes=\"auto, (max-width: 640px) 100vw, 640px\" \/><\/a><figcaption id=\"caption-attachment-2185\" class=\"wp-caption-text\">Ser p\u00e5 fr\u00f8, de er s\u00e5 sm\u00e5! Foto: Ann-Ingeborg Grindhaug, NTNU Vitenskapsmuseet<\/figcaption><\/figure>\n<p>Etter en lunsj ute ved andedammen der det bodde mange forskjellige fugler som: stokkand, kvinand, gr\u00e5spurv og m\u00e5ser. Etter en pause i nydelig v\u00e6r ute fant vi frem til der humlebuzzen var. Det er en liten buss, som er malt som en humle, det er kult det! Der m\u00f8tte vi humleekspert\u00a0<em>Tor Bollingmo!<\/em>\u00a0Han fortalte oss mye om humler og hvorfor de er s\u00e5 viktige for naturen. Etter litt prating om humler fikk barna smake p\u00e5 en sukkerlake som blir gitt til humler. Denne laken kan minne litt om nektar, og barna syntes det smakte kjempegodt! Etterp\u00e5 gikk vi til rennesansehagen for \u00e5 pr\u00f8ve \u00e5 se om vi kunne finne ulike humler i blomstene som er der.<\/p>\n<figure id=\"attachment_2182\" aria-describedby=\"caption-attachment-2182\" style=\"width: 640px\" class=\"wp-caption aligncenter\"><a href=\"http:\/\/blogg.vm.ntnu.no\/sommerlarm\/files\/2018\/06\/anningeborg.jpg\"><img loading=\"lazy\" decoding=\"async\" class=\"size-large wp-image-2182\" src=\"http:\/\/blogg.vm.ntnu.no\/sommerlarm\/files\/2018\/06\/anningeborg-1024x646.jpg\" alt=\"Humlebuzzen og Humle-Tor. Foto: Ann-Ingeborg Grindhaug, NTNU Vitenskapsmuseet\" width=\"640\" height=\"404\" srcset=\"https:\/\/blogg.vm.ntnu.no\/sommerlarm\/files\/2018\/06\/anningeborg-1024x646.jpg 1024w, https:\/\/blogg.vm.ntnu.no\/sommerlarm\/files\/2018\/06\/anningeborg-300x189.jpg 300w, https:\/\/blogg.vm.ntnu.no\/sommerlarm\/files\/2018\/06\/anningeborg-768x484.jpg 768w, https:\/\/blogg.vm.ntnu.no\/sommerlarm\/files\/2018\/06\/anningeborg-920x580.jpg 920w\" sizes=\"auto, (max-width: 640px) 100vw, 640px\" \/><\/a><figcaption id=\"caption-attachment-2182\" class=\"wp-caption-text\"><em>Humlebuzzen og Humle-Tor. Foto: Ann-Ingeborg Grindhaug, NTNU Vitenskapsmuseet<\/em><\/figcaption><\/figure>\n<p>Her fant vi flere ulke humlearter, og barna fikk udelt hver sin h\u00e5v og et glass som de skulle fange humler og andre insekter. Dette var veldig g\u00f8y, og barna fant mange forskjellige humler, b\u00e5de guttehumler og jentehumler.<\/p>\n<figure id=\"attachment_2189\" aria-describedby=\"caption-attachment-2189\" style=\"width: 461px\" class=\"wp-caption aligncenter\"><a href=\"http:\/\/blogg.vm.ntnu.no\/sommerlarm\/files\/2018\/06\/36282620_10160471473955075_8229564343121870848_n.jpg\"><img loading=\"lazy\" decoding=\"async\" class=\" wp-image-2189\" src=\"http:\/\/blogg.vm.ntnu.no\/sommerlarm\/files\/2018\/06\/36282620_10160471473955075_8229564343121870848_n.jpg\" alt=\"Pr\u00f8ver og feiler med \u00e5 fange humler, samtidig ta vare p\u00e5 blomstene! Foto: Michael Serenander Fosb\u00e6k, NTNU Vitenskapsmuseet\" width=\"461\" height=\"658\" \/><\/a><figcaption id=\"caption-attachment-2189\" class=\"wp-caption-text\"><em>Pr\u00f8ver og feiler med \u00e5 fange humler, samtidig ta vare p\u00e5 blomstene! Foto: Michael Serenander Fosb\u00e6k, NTNU Vitenskapsmuseet<\/em><\/figcaption><\/figure>\n<p>Noen kule fakta om humler:<\/p>\n<ul>\n<li>Humler har en kroppstemperatur p\u00e5 42 grader<\/li>\n<li>Humler stikker, de brenner ikke. De d\u00f8r ikke hvis de stikker deg<\/li>\n<li>Hann-humlen kan ikke stikke deg, fordi den har ingen brodd<\/li>\n<li>Hann-humler har gule barter<\/li>\n<li>Humler har pels!<\/li>\n<\/ul>\n<figure id=\"attachment_2190\" aria-describedby=\"caption-attachment-2190\" style=\"width: 454px\" class=\"wp-caption aligncenter\"><a href=\"http:\/\/blogg.vm.ntnu.no\/sommerlarm\/files\/2018\/06\/humlefangerne-michael.jpg\"><img loading=\"lazy\" decoding=\"async\" class=\"size-full wp-image-2190\" src=\"http:\/\/blogg.vm.ntnu.no\/sommerlarm\/files\/2018\/06\/humlefangerne-michael.jpg\" alt=\"Humlefangerne. Foto: Michael Serenander Fosb\u00e6k, NTNU Vitenskapsmuseet\" width=\"454\" height=\"245\" srcset=\"https:\/\/blogg.vm.ntnu.no\/sommerlarm\/files\/2018\/06\/humlefangerne-michael.jpg 454w, https:\/\/blogg.vm.ntnu.no\/sommerlarm\/files\/2018\/06\/humlefangerne-michael-300x162.jpg 300w\" sizes=\"auto, (max-width: 454px) 100vw, 454px\" \/><\/a><figcaption id=\"caption-attachment-2190\" class=\"wp-caption-text\"><em>Humlefangerne. Foto: Michael Serenander Fosb\u00e6k, NTNU Vitenskapsmuseet<\/em><\/figcaption><\/figure>\n<p>Da vi kom tilbake til vitenskapsmuseet var hele dagen g\u00e5tt. Og s\u00e5 fort den gikk! I morgen blir det mer spennende som skjer, da skal vi ut i fj\u00e6ra \u00e5 se hva vi finner der!<\/p>\n","protected":false},"excerpt":{"rendered":"<p>I dag var det humler og skogen som stod i fokus. Humler, bier, blomster, insekter og alt det andre som man kan finne ute i naturen. Vi startet med en morgensamling p\u00e5 Vitenskapsmuseet, der vi snakket litt om bier og om pollinering. Dette gjorde vi fremfor bikuben vi har inne i en av utstillingene v\u00e5re. [&hellip;]<\/p>\n","protected":false},"author":91,"featured_media":0,"comment_status":"open","ping_status":"open","sticky":false,"template":"","format":"standard","meta":{"_monsterinsights_skip_tracking":false,"_monsterinsights_sitenote_active":false,"_monsterinsights_sitenote_note":"","_monsterinsights_sitenote_category":0,"footnotes":""},"categories":[116],"tags":[119,120,117,118,53],"class_list":["post-2180","post","type-post","status-publish","format-standard","hentry","category-116","tag-bier","tag-blomster","tag-humler","tag-skog","tag-sommerlarm"],"_links":{"self":[{"href":"https:\/\/blogg.vm.ntnu.no\/sommerlarm\/wp-json\/wp\/v2\/posts\/2180","targetHints":{"allow":["GET"]}}],"collection":[{"href":"https:\/\/blogg.vm.ntnu.no\/sommerlarm\/wp-json\/wp\/v2\/posts"}],"about":[{"href":"https:\/\/blogg.vm.ntnu.no\/sommerlarm\/wp-json\/wp\/v2\/types\/post"}],"author":[{"embeddable":true,"href":"https:\/\/blogg.vm.ntnu.no\/sommerlarm\/wp-json\/wp\/v2\/users\/91"}],"replies":[{"embeddable":true,"href":"https:\/\/blogg.vm.ntnu.no\/sommerlarm\/wp-json\/wp\/v2\/comments?post=2180"}],"version-history":[{"count":3,"href":"https:\/\/blogg.vm.ntnu.no\/sommerlarm\/wp-json\/wp\/v2\/posts\/2180\/revisions"}],"predecessor-version":[{"id":2192,"href":"https:\/\/blogg.vm.ntnu.no\/sommerlarm\/wp-json\/wp\/v2\/posts\/2180\/revisions\/2192"}],"wp:attachment":[{"href":"https:\/\/blogg.vm.ntnu.no\/sommerlarm\/wp-json\/wp\/v2\/media?parent=2180"}],"wp:term":[{"taxonomy":"category","embeddable":true,"href":"https:\/\/blogg.vm.ntnu.no\/sommerlarm\/wp-json\/wp\/v2\/categories?post=2180"},{"taxonomy":"post_tag","embeddable":true,"href":"https:\/\/blogg.vm.ntnu.no\/sommerlarm\/wp-json\/wp\/v2\/tags?post=2180"}],"curies":[{"name":"wp","href":"https:\/\/api.w.org\/{rel}","templated":true}]}}