{"id":2141,"date":"2018-06-21T13:42:14","date_gmt":"2018-06-21T11:42:14","guid":{"rendered":"http:\/\/blogg.vm.ntnu.no\/sommerlarm\/?p=2141"},"modified":"2018-06-21T13:42:14","modified_gmt":"2018-06-21T11:42:14","slug":"bare-dager-igjen-til-vi-motes","status":"publish","type":"post","link":"https:\/\/blogg.vm.ntnu.no\/sommerlarm\/2018\/06\/21\/bare-dager-igjen-til-vi-motes\/","title":{"rendered":"Bare dager igjen til vi m\u00f8tes&#8230;"},"content":{"rendered":"<p>&nbsp;<\/p>\n<p>Hei alle forskerspirer og alle forskerspirers foreldre og kjente. Vi teller ned til dere kommer og er snart klare med alle forberedelser.<\/p>\n<p>Vi er fire voksne som leder Sommerlarm. I tillegg vil dere m\u00f8te noen flere forskere og andre ansatte ved NTNU Vitenskapsmuseet. For at dere skal kjenne oss litt allerede n\u00e5r dere kommer vil vi 4 lederne fortelle litt om oss selv f\u00f8r dere kommer.<\/p>\n<p>Her er vi:<\/p>\n<h4>Solbj\u00f8rg<\/h4>\n<p><a href=\"http:\/\/blogg.vm.ntnu.no\/sommerlarm\/files\/2016\/06\/solbjorg2.jpg\"><img loading=\"lazy\" decoding=\"async\" class=\"size-full wp-image-1854 alignleft\" src=\"http:\/\/blogg.vm.ntnu.no\/sommerlarm\/files\/2016\/06\/solbjorg2.jpg\" alt=\"Solbj\u00f8rg, NTNU Vitenskapsmuseet\" width=\"250\" height=\"300\" \/><\/a>Solbj\u00f8rg er biolog og jobber som museumspedagog. Mange av dere har kanskje m\u00f8tt Solbj\u00f8rg f\u00f8r n\u00e5r dere har bes\u00f8kt Vitenskapsmuseet med klassen deres.<\/p>\n<p><strong>Hva er&#8230;?<\/strong><\/p>\n<p>&#8230;yndlingsfargen din, Solbj\u00f8rg?<br \/>\nR\u00f8d<br \/>\n&#8230;yndlingsdyret ditt?<br \/>\nKatt<br \/>\n&#8230;yndlingsblomsten din?<br \/>\nRoser<br \/>\n&#8230;det beste med jobben din?<br \/>\nM\u00f8te med barn og\u00a0publikum<br \/>\n&#8230;det beste med sommeren?<br \/>\nVarme, b\u00e6r og is.<\/p>\n<h4>Lise Mariann<\/h4>\n<p><a href=\"http:\/\/blogg.vm.ntnu.no\/sommerlarm\/files\/2018\/06\/lisemariann2.jpg\"><img loading=\"lazy\" decoding=\"async\" class=\"alignleft size-full wp-image-2144\" src=\"http:\/\/blogg.vm.ntnu.no\/sommerlarm\/files\/2018\/06\/lisemariann2.jpg\" alt=\"Lise Mariann Foto: Lise Mariann Alsli, NTNU Vitenskapsmuseet\" width=\"250\" height=\"300\" \/><\/a>Lise Mariann er arkeolog og jobber som museumspedagog og arrangementskoordinator. Lise Mariann m\u00f8ter mange klasser som kommer p\u00e5 museet for \u00e5 l\u00e6re om arkeologi. Har du sett henne?<\/p>\n<p><strong>Hva er&#8230;?<\/strong><\/p>\n<p>&#8230;yndlingsfargen din, Lise Mariann?<br \/>\nOrange og bl\u00e5<br \/>\n&#8230;yndlingsdyret ditt?<br \/>\nKattepuser i alle fasonger. Huskatter og l\u00f8ver og tigre og gauper og&#8230;<br \/>\n&#8230;yndlingsblomsten din?<br \/>\nForglem-meg-ei<br \/>\n&#8230;det beste med jobben din?<br \/>\nN\u00e5r jeg f\u00e5r noen til \u00e5 synes arkeologi er akkurat like kult som det jeg synes det er.<br \/>\n&#8230;det beste med sommeren?<br \/>\n\u00c5\u00a0 sitte p\u00e5 stranda og lukte p\u00e5 sj\u00f8lukta og v\u00e6re sammen med familien min hele dagen.<\/p>\n<h4>Ann-Ingeborg<\/h4>\n<p><a href=\"http:\/\/blogg.vm.ntnu.no\/sommerlarm\/files\/2018\/06\/anningeborg2.jpg\"><img loading=\"lazy\" decoding=\"async\" class=\"alignleft size-full wp-image-2142\" src=\"http:\/\/blogg.vm.ntnu.no\/sommerlarm\/files\/2018\/06\/anningeborg2.jpg\" alt=\"Ann-Ingeborg. Foto: Ann Ingeborg Grindhaug, NTNU Vitenskapsmuseet\" width=\"250\" height=\"300\" \/><\/a>Dette er Ann-Ingeborg. Hun studerer arkeologi og er veldig interessert i spennende ting fra fortiden. I tillegg har hun jobbet sammen med Solbj\u00f8rg og Lise Mariann med \u00e5 snakke med barna som kommer p\u00e5 Vitenskapsmuseet.<\/p>\n<p><strong>Hva er&#8230;?<\/strong><\/p>\n<p>&#8230;yndlingsfargen din, Ann-Ingeborg?<br \/>\nTurkis<br \/>\n&#8230;yndlingsdyret ditt?<br \/>\nKatt<br \/>\n&#8230;yndlingsblomsten din?<br \/>\nLiljer<br \/>\n&#8230;det beste med jobben din?<br \/>\n\u00e5 f\u00e5 snakke om arkeologi.<br \/>\n&#8230;det beste med sommeren?<br \/>\n\u00c5 v\u00e6re ved havet og grille.<\/p>\n<h4>Michael<\/h4>\n<p><a href=\"http:\/\/blogg.vm.ntnu.no\/sommerlarm\/files\/2018\/06\/bilde_michael2.jpg\"><img loading=\"lazy\" decoding=\"async\" class=\"alignleft size-full wp-image-2143\" src=\"http:\/\/blogg.vm.ntnu.no\/sommerlarm\/files\/2018\/06\/bilde_michael2.jpg\" alt=\"Michael Foto: Michael Serenander Fosb\u00e6k, NTNU Vitenskapsmuseet\" width=\"250\" height=\"300\" \/><\/a>Dette er Michael.\u00a0Han studerer biologi og har lyst til \u00e5 bli l\u00e6rer.<\/p>\n<p><strong>Hva er&#8230;?<\/strong><\/p>\n<p>&#8230;yndlingsfargen din, Michael?<br \/>\nBl\u00e5<br \/>\n&#8230;yndlingsdyret ditt?<br \/>\nL\u00f8ve<br \/>\n&#8230;yndlingsblomsten din?<br \/>\nOrkid\u00e9er er ganske s\u00e5 kule.<br \/>\n&#8230;det beste med studiet ditt?<br \/>\nDet er spennende og l\u00e6rerikt<br \/>\n&#8230;det beste med sommeren?<br \/>\nSol, is og bading.<\/p>\n<p>Hva liker du best \u00e5 gj\u00f8re om sommeren? Vi gleder oss til \u00e5 h\u00f8re alt om det.<\/p>\n<p><strong>Velkommen til Sommerlarm 2018.<\/strong><\/p>\n","protected":false},"excerpt":{"rendered":"<p>&nbsp; Hei alle forskerspirer og alle forskerspirers foreldre og kjente. Vi teller ned til dere kommer og er snart klare med alle forberedelser. Vi er fire voksne som leder Sommerlarm. I tillegg vil dere m\u00f8te noen flere forskere og andre ansatte ved NTNU Vitenskapsmuseet. For at dere skal kjenne oss litt allerede n\u00e5r dere kommer [&hellip;]<\/p>\n","protected":false},"author":91,"featured_media":1598,"comment_status":"open","ping_status":"open","sticky":false,"template":"","format":"standard","meta":{"_monsterinsights_skip_tracking":false,"_monsterinsights_sitenote_active":false,"_monsterinsights_sitenote_note":"","_monsterinsights_sitenote_category":0,"footnotes":""},"categories":[116],"tags":[],"class_list":["post-2141","post","type-post","status-publish","format-standard","has-post-thumbnail","hentry","category-116"],"_links":{"self":[{"href":"https:\/\/blogg.vm.ntnu.no\/sommerlarm\/wp-json\/wp\/v2\/posts\/2141","targetHints":{"allow":["GET"]}}],"collection":[{"href":"https:\/\/blogg.vm.ntnu.no\/sommerlarm\/wp-json\/wp\/v2\/posts"}],"about":[{"href":"https:\/\/blogg.vm.ntnu.no\/sommerlarm\/wp-json\/wp\/v2\/types\/post"}],"author":[{"embeddable":true,"href":"https:\/\/blogg.vm.ntnu.no\/sommerlarm\/wp-json\/wp\/v2\/users\/91"}],"replies":[{"embeddable":true,"href":"https:\/\/blogg.vm.ntnu.no\/sommerlarm\/wp-json\/wp\/v2\/comments?post=2141"}],"version-history":[{"count":1,"href":"https:\/\/blogg.vm.ntnu.no\/sommerlarm\/wp-json\/wp\/v2\/posts\/2141\/revisions"}],"predecessor-version":[{"id":2145,"href":"https:\/\/blogg.vm.ntnu.no\/sommerlarm\/wp-json\/wp\/v2\/posts\/2141\/revisions\/2145"}],"wp:featuredmedia":[{"embeddable":true,"href":"https:\/\/blogg.vm.ntnu.no\/sommerlarm\/wp-json\/wp\/v2\/media\/1598"}],"wp:attachment":[{"href":"https:\/\/blogg.vm.ntnu.no\/sommerlarm\/wp-json\/wp\/v2\/media?parent=2141"}],"wp:term":[{"taxonomy":"category","embeddable":true,"href":"https:\/\/blogg.vm.ntnu.no\/sommerlarm\/wp-json\/wp\/v2\/categories?post=2141"},{"taxonomy":"post_tag","embeddable":true,"href":"https:\/\/blogg.vm.ntnu.no\/sommerlarm\/wp-json\/wp\/v2\/tags?post=2141"}],"curies":[{"name":"wp","href":"https:\/\/api.w.org\/{rel}","templated":true}]}}