{"id":1672,"date":"2014-07-01T15:36:43","date_gmt":"2014-07-01T13:36:43","guid":{"rendered":"http:\/\/blogg.vm.ntnu.no\/sommerlarm\/?p=1672"},"modified":"2014-07-03T07:46:24","modified_gmt":"2014-07-03T05:46:24","slug":"svarte-og-rode-lister-og-lister-over-vanninsekter","status":"publish","type":"post","link":"https:\/\/blogg.vm.ntnu.no\/sommerlarm\/2014\/07\/01\/svarte-og-rode-lister-og-lister-over-vanninsekter\/","title":{"rendered":"Svarte og r\u00f8de lister og lister over vanninsekter"},"content":{"rendered":"<p>Alle v\u00e5re sm\u00e5forskere visste p\u00e5 forh\u00e5nd at insekter har 6 bein og krabber omkring p\u00e5 bakken eller surrer omkring i lufta, men hva med vann&#8230;? Finnes det insekter i vann? Det gj\u00f8r det selvsagt og i dag gikk vi oss rett og slett en tur til Ilabekken for \u00e5 se om vi kunne finne noen vanninsekter og gjett om vi var heldige for der kralte det av liv.<\/p>\n<figure id=\"attachment_1674\" aria-describedby=\"caption-attachment-1674\" style=\"width: 1200px\" class=\"wp-caption alignnone\"><a href=\"http:\/\/blogg.vm.ntnu.no\/sommerlarm\/files\/2014\/07\/27_3_1.jpg\"><img loading=\"lazy\" decoding=\"async\" class=\"size-full wp-image-1674\" src=\"http:\/\/blogg.vm.ntnu.no\/sommerlarm\/files\/2014\/07\/27_3_1.jpg\" alt=\"Det er spennende \u00e5 forske p\u00e5 insekter fra bekken. Og gjett om de ser snodige ut i mikroskop! Foto: Lise Mariann Alsli, NTNU Vitenskapsmuseet\" width=\"1200\" height=\"555\" srcset=\"https:\/\/blogg.vm.ntnu.no\/sommerlarm\/files\/2014\/07\/27_3_1.jpg 1200w, https:\/\/blogg.vm.ntnu.no\/sommerlarm\/files\/2014\/07\/27_3_1-300x138.jpg 300w, https:\/\/blogg.vm.ntnu.no\/sommerlarm\/files\/2014\/07\/27_3_1-1024x473.jpg 1024w, https:\/\/blogg.vm.ntnu.no\/sommerlarm\/files\/2014\/07\/27_3_1-600x277.jpg 600w\" sizes=\"auto, (max-width: 1200px) 100vw, 1200px\" \/><\/a><figcaption id=\"caption-attachment-1674\" class=\"wp-caption-text\">Det er spennende \u00e5 forske p\u00e5 insekter fra bekken. Og gjett om de ser snodige ut i mikroskop! Foto: Lise Mariann Alsli, NTNU Vitenskapsmuseet<\/figcaption><\/figure>\n<p>Her er en liste over noen av de spennende insektene og dyrene vi fant i bekken:<\/p>\n<ul>\n<li>V\u00e5rfluelarve<\/li>\n<li>Steinfluelarve<\/li>\n<li>Mygglarve<\/li>\n<li>D\u00f8gnfluelarve<\/li>\n<li>D\u00f8gnfluepuppe<\/li>\n<li>Knottlarve<\/li>\n<li>Stankelbeinlarve<\/li>\n<li>Mark<\/li>\n<li>Snegleegg i en geleaktig eggmasse<\/li>\n<li>Igle<\/li>\n<\/ul>\n<p>Og jammen ble vi ikke vitne til en liten forvandling ogs\u00e5 idet vi kom tilbake til Vitenskapsmuseet. Da vi skulle se p\u00e5 insektene vi hadde funnet i mikroskop forvandlet plutselig d\u00f8gnfluepuppen seg til fiks ferdig d\u00f8gnflue f\u00f8r den fl\u00f8y avsted. Dette er rett og slett naturens magi.<\/p>\n<p>Etter lunsj kom biolog J\u00f8rgen Rosvold og museumsforskeren Guro J\u00f8rgensen og skulle forske litt p\u00e5 forskerspirene. De vil nemlig vite hva barn synes om truede dyr p\u00e5 r\u00f8dlista og svartelistede dyr her i Norge. Er det slik at villsvinet skal f\u00e5 bo i Norge selv om det kanskje ser litt skummelt ut? Og r\u00e5dyret gir oss godt kj\u00f8tt og er veldig s\u00f8te, men h\u00f8rer det egentlig til i landet n\u00e5r det kom hit for bare 100 \u00e5r siden? Etter en gruppevis debatt fremla forskerspirene sine meninger om b\u00e5de villsvin, r\u00e5dyr, ulv, mink og moskus f\u00f8r alle fikk si sin mening. Resultatet var klart. Hadde disse barna f\u00e5tt avgj\u00f8re dyrenes skjebne hadde ulven, moskusen og r\u00e5dyret f\u00e5tt bli mens minken og villsvinet hadde blitt fjernet fra landet.<\/p>\n<figure id=\"attachment_1675\" aria-describedby=\"caption-attachment-1675\" style=\"width: 1200px\" class=\"wp-caption alignnone\"><a href=\"http:\/\/blogg.vm.ntnu.no\/sommerlarm\/files\/2014\/07\/27_3_2.jpg\"><img loading=\"lazy\" decoding=\"async\" class=\"size-full wp-image-1675\" src=\"http:\/\/blogg.vm.ntnu.no\/sommerlarm\/files\/2014\/07\/27_3_2.jpg\" alt=\"Villsvinet og minken skal ut. R\u00e5dyret, ulven og moskusen f\u00e5r bli if\u00f8lge forskerspirene. Foto: Guro J\u00f8rgensen, NTNU Vitenskapsmuseet\" width=\"1200\" height=\"1107\" srcset=\"https:\/\/blogg.vm.ntnu.no\/sommerlarm\/files\/2014\/07\/27_3_2.jpg 1200w, https:\/\/blogg.vm.ntnu.no\/sommerlarm\/files\/2014\/07\/27_3_2-300x276.jpg 300w, https:\/\/blogg.vm.ntnu.no\/sommerlarm\/files\/2014\/07\/27_3_2-1024x944.jpg 1024w, https:\/\/blogg.vm.ntnu.no\/sommerlarm\/files\/2014\/07\/27_3_2-600x553.jpg 600w, https:\/\/blogg.vm.ntnu.no\/sommerlarm\/files\/2014\/07\/27_3_2-628x580.jpg 628w\" sizes=\"auto, (max-width: 1200px) 100vw, 1200px\" \/><\/a><figcaption id=\"caption-attachment-1675\" class=\"wp-caption-text\">Villsvinet og minken skal ut. R\u00e5dyret, ulven og moskusen f\u00e5r bli if\u00f8lge forskerspirene. Foto: Guro J\u00f8rgensen, NTNU Vitenskapsmuseet<\/figcaption><\/figure>\n","protected":false},"excerpt":{"rendered":"<p>Alle v\u00e5re sm\u00e5forskere visste p\u00e5 forh\u00e5nd at insekter har 6 bein og krabber omkring p\u00e5 bakken eller surrer omkring i lufta, men hva med vann&#8230;? Finnes det insekter i vann? Det gj\u00f8r det selvsagt og i dag gikk vi oss rett og slett en tur til Ilabekken for \u00e5 se om vi kunne finne noen [&hellip;]<\/p>\n","protected":false},"author":91,"featured_media":0,"comment_status":"open","ping_status":"open","sticky":false,"template":"","format":"standard","meta":{"_monsterinsights_skip_tracking":false,"_monsterinsights_sitenote_active":false,"_monsterinsights_sitenote_note":"","_monsterinsights_sitenote_category":0,"footnotes":""},"categories":[73],"tags":[19,26,35,92,41,44,86,98,87,62,67],"class_list":["post-1672","post","type-post","status-publish","format-standard","hentry","category-73","tag-biologi","tag-forskning","tag-igle","tag-insekter","tag-larve","tag-mikroskop","tag-rodliste","tag-snegle","tag-svartliste","tag-tur","tag-vann"],"_links":{"self":[{"href":"https:\/\/blogg.vm.ntnu.no\/sommerlarm\/wp-json\/wp\/v2\/posts\/1672","targetHints":{"allow":["GET"]}}],"collection":[{"href":"https:\/\/blogg.vm.ntnu.no\/sommerlarm\/wp-json\/wp\/v2\/posts"}],"about":[{"href":"https:\/\/blogg.vm.ntnu.no\/sommerlarm\/wp-json\/wp\/v2\/types\/post"}],"author":[{"embeddable":true,"href":"https:\/\/blogg.vm.ntnu.no\/sommerlarm\/wp-json\/wp\/v2\/users\/91"}],"replies":[{"embeddable":true,"href":"https:\/\/blogg.vm.ntnu.no\/sommerlarm\/wp-json\/wp\/v2\/comments?post=1672"}],"version-history":[{"count":3,"href":"https:\/\/blogg.vm.ntnu.no\/sommerlarm\/wp-json\/wp\/v2\/posts\/1672\/revisions"}],"predecessor-version":[{"id":1684,"href":"https:\/\/blogg.vm.ntnu.no\/sommerlarm\/wp-json\/wp\/v2\/posts\/1672\/revisions\/1684"}],"wp:attachment":[{"href":"https:\/\/blogg.vm.ntnu.no\/sommerlarm\/wp-json\/wp\/v2\/media?parent=1672"}],"wp:term":[{"taxonomy":"category","embeddable":true,"href":"https:\/\/blogg.vm.ntnu.no\/sommerlarm\/wp-json\/wp\/v2\/categories?post=1672"},{"taxonomy":"post_tag","embeddable":true,"href":"https:\/\/blogg.vm.ntnu.no\/sommerlarm\/wp-json\/wp\/v2\/tags?post=1672"}],"curies":[{"name":"wp","href":"https:\/\/api.w.org\/{rel}","templated":true}]}}