{"id":167,"date":"2010-06-21T16:10:46","date_gmt":"2010-06-21T14:10:46","guid":{"rendered":"http:\/\/blogg.vm.ntnu.no\/sommerlarm\/?p=167"},"modified":"2010-06-21T16:10:46","modified_gmt":"2010-06-21T14:10:46","slug":"dette-har-gruppe-4-gjort-i-dag-den-216-10","status":"publish","type":"post","link":"https:\/\/blogg.vm.ntnu.no\/sommerlarm\/2010\/06\/21\/dette-har-gruppe-4-gjort-i-dag-den-216-10\/","title":{"rendered":"Dette har gruppe 4 gjort i dag den 21\/6-10  (uke 1)"},"content":{"rendered":"<p>Vi m\u00f8tte opp foran NTNU Vitenskapsmuseet. Inne ble vi \u00a0delt opp i \u00a05 grupper og vi kom i gruppe nr. <a href=\"http:\/\/blogg.vm.ntnu.no\/sommerlarm\/files\/2010\/06\/P1020369.jpg\"><img loading=\"lazy\" decoding=\"async\" class=\"alignleft size-thumbnail wp-image-183\" src=\"http:\/\/blogg.vm.ntnu.no\/sommerlarm\/files\/2010\/06\/P1020369-150x150.jpg\" alt=\"Fiskem\u00e5keunger\" width=\"150\" height=\"150\" \/><\/a>4, som best\u00e5r av : Inga, Brage, Malin og Rasmus. S\u00e5 gikk vi fra NTNU Vitenskapsmuseet\u00a0til Nidelven. Og der s\u00e5 vi masse fugler som for eksempel: Hettem\u00e5ke, Stokkand, Fiskem\u00e5ke, Terne og masse andre fugler. <a href=\"http:\/\/blogg.vm.ntnu.no\/sommerlarm\/files\/2010\/06\/P1020438.jpg\"><img loading=\"lazy\" decoding=\"async\" class=\"alignleft size-thumbnail wp-image-186\" src=\"http:\/\/blogg.vm.ntnu.no\/sommerlarm\/files\/2010\/06\/P1020438-150x150.jpg\" alt=\"Due, hettem\u00e5ke, spurv og stokkand\" width=\"150\" height=\"150\" \/><\/a>Det syntes hele gruppa var veldig morsomt.Og vi har l\u00e6rt masse om alt mulig ting.<a href=\"http:\/\/blogg.vm.ntnu.no\/sommerlarm\/files\/2010\/06\/P1020440.jpg\"><img loading=\"lazy\" decoding=\"async\" class=\"alignleft size-thumbnail wp-image-181\" src=\"http:\/\/blogg.vm.ntnu.no\/sommerlarm\/files\/2010\/06\/P1020440-150x150.jpg\" alt=\"Due\" width=\"150\" height=\"150\" \/><\/a><a href=\"http:\/\/blogg.vm.ntnu.no\/sommerlarm\/files\/2010\/06\/P1020425.jpg\"><img loading=\"lazy\" decoding=\"async\" class=\"alignleft size-thumbnail wp-image-182\" src=\"http:\/\/blogg.vm.ntnu.no\/sommerlarm\/files\/2010\/06\/P1020425-150x150.jpg\" alt=\"Stokkand med unger\" width=\"150\" height=\"150\" \/><\/a><\/p>\n","protected":false},"excerpt":{"rendered":"<p>Vi m\u00f8tte opp foran NTNU Vitenskapsmuseet. Inne ble vi \u00a0delt opp i \u00a05 grupper og vi kom i gruppe nr. 4, som best\u00e5r av : Inga, Brage, Malin og Rasmus. S\u00e5 gikk vi fra NTNU Vitenskapsmuseet\u00a0til Nidelven. Og der s\u00e5 vi masse fugler som for eksempel: Hettem\u00e5ke, Stokkand, Fiskem\u00e5ke, Terne og masse andre fugler. Det [&hellip;]<\/p>\n","protected":false},"author":58,"featured_media":0,"comment_status":"open","ping_status":"open","sticky":false,"template":"","format":"standard","meta":{"_monsterinsights_skip_tracking":false,"_monsterinsights_sitenote_active":false,"_monsterinsights_sitenote_note":"","_monsterinsights_sitenote_category":0,"footnotes":""},"categories":[4],"tags":[19,27,67],"class_list":["post-167","post","type-post","status-publish","format-standard","hentry","category-arkiv-2010","tag-biologi","tag-fugler","tag-vann"],"_links":{"self":[{"href":"https:\/\/blogg.vm.ntnu.no\/sommerlarm\/wp-json\/wp\/v2\/posts\/167","targetHints":{"allow":["GET"]}}],"collection":[{"href":"https:\/\/blogg.vm.ntnu.no\/sommerlarm\/wp-json\/wp\/v2\/posts"}],"about":[{"href":"https:\/\/blogg.vm.ntnu.no\/sommerlarm\/wp-json\/wp\/v2\/types\/post"}],"author":[{"embeddable":true,"href":"https:\/\/blogg.vm.ntnu.no\/sommerlarm\/wp-json\/wp\/v2\/users\/58"}],"replies":[{"embeddable":true,"href":"https:\/\/blogg.vm.ntnu.no\/sommerlarm\/wp-json\/wp\/v2\/comments?post=167"}],"version-history":[{"count":0,"href":"https:\/\/blogg.vm.ntnu.no\/sommerlarm\/wp-json\/wp\/v2\/posts\/167\/revisions"}],"wp:attachment":[{"href":"https:\/\/blogg.vm.ntnu.no\/sommerlarm\/wp-json\/wp\/v2\/media?parent=167"}],"wp:term":[{"taxonomy":"category","embeddable":true,"href":"https:\/\/blogg.vm.ntnu.no\/sommerlarm\/wp-json\/wp\/v2\/categories?post=167"},{"taxonomy":"post_tag","embeddable":true,"href":"https:\/\/blogg.vm.ntnu.no\/sommerlarm\/wp-json\/wp\/v2\/tags?post=167"}],"curies":[{"name":"wp","href":"https:\/\/api.w.org\/{rel}","templated":true}]}}