{"id":683,"date":"2013-06-24T18:30:48","date_gmt":"2013-06-24T16:30:48","guid":{"rendered":"http:\/\/28.1579"},"modified":"2014-05-08T09:40:18","modified_gmt":"2014-05-08T07:40:18","slug":"vi-er-i-gang","status":"publish","type":"post","link":"http:\/\/blogg.vm.ntnu.no\/sommerlarm\/2013\/06\/24\/vi-er-i-gang\/","title":{"rendered":"Vi er i gang"},"content":{"rendered":"<p><a href=\"http:\/\/blogg.vm.ntnu.no\/sommerlarm\/files\/2013\/06\/DSC012881.jpg\"><img loading=\"lazy\" decoding=\"async\" class=\"alignleft size-medium wp-image-1435\" title=\"utgraving\" alt=\"\" src=\"http:\/\/blogg.vm.ntnu.no\/sommerlarm\/files\/2013\/06\/DSC012881-300x225.jpg\" width=\"300\" height=\"225\" \/><\/a><a href=\"http:\/\/blogg.vm.ntnu.no\/sommerlarm\/files\/2013\/06\/DSC01046.jpg\"><img loading=\"lazy\" decoding=\"async\" class=\"alignright size-medium wp-image-1429\" title=\"glad arkeolog\" alt=\"\" src=\"http:\/\/blogg.vm.ntnu.no\/sommerlarm\/files\/2013\/06\/DSC01046-300x200.jpg\" width=\"300\" height=\"200\" \/><\/a>Da er Sommerlarm 2013 i gang. Det var mange nye navn \u00e5 l\u00e6re seg for b\u00e5de barn og voskne, og vi gleder oss til \u00e5 bli bedre kjent gjennom uka. Det er med barn fra alle deler av byen, s\u00e5 det blir kjekt<a href=\"http:\/\/blogg.vm.ntnu.no\/sommerlarm\/files\/2013\/06\/DSC010411.jpg\"><img loading=\"lazy\" decoding=\"async\" class=\"aligncenter size-medium wp-image-1434\" title=\"fint funn\" alt=\"\" src=\"http:\/\/blogg.vm.ntnu.no\/sommerlarm\/files\/2013\/06\/DSC010411-300x200.jpg\" width=\"300\" height=\"200\" \/><\/a> \u00e5 bli kjent med mange nye fjes. I dag har vi holdt p\u00e5 med arkeologi. Museet har en kasse med jord fra middelalderen der vi hadde utgraving. Her er noen bilder fra det.<\/p>\n","protected":false},"excerpt":{"rendered":"<p>Da er Sommerlarm 2013 i gang. Det var mange nye navn \u00e5 l\u00e6re seg for b\u00e5de barn og voskne, og vi gleder oss til \u00e5 bli bedre kjent gjennom uka. Det er med barn fra alle deler av byen, s\u00e5 det blir kjekt \u00e5 bli kjent med mange nye fjes. I dag har vi holdt [&hellip;]<\/p>\n","protected":false},"author":91,"featured_media":0,"comment_status":"closed","ping_status":"closed","sticky":false,"template":"","format":"standard","meta":{"footnotes":""},"categories":[131],"tags":[],"class_list":["post-683","post","type-post","status-publish","format-standard","hentry","category-131"],"_links":{"self":[{"href":"https:\/\/blogg.vm.ntnu.no\/hovedside\/index.php?rest_route=\/wp\/v2\/posts\/683","targetHints":{"allow":["GET"]}}],"collection":[{"href":"https:\/\/blogg.vm.ntnu.no\/hovedside\/index.php?rest_route=\/wp\/v2\/posts"}],"about":[{"href":"https:\/\/blogg.vm.ntnu.no\/hovedside\/index.php?rest_route=\/wp\/v2\/types\/post"}],"author":[{"embeddable":true,"href":"https:\/\/blogg.vm.ntnu.no\/hovedside\/index.php?rest_route=\/wp\/v2\/users\/91"}],"replies":[{"embeddable":true,"href":"https:\/\/blogg.vm.ntnu.no\/hovedside\/index.php?rest_route=%2Fwp%2Fv2%2Fcomments&post=683"}],"version-history":[{"count":1,"href":"https:\/\/blogg.vm.ntnu.no\/hovedside\/index.php?rest_route=\/wp\/v2\/posts\/683\/revisions"}],"predecessor-version":[{"id":693,"href":"https:\/\/blogg.vm.ntnu.no\/hovedside\/index.php?rest_route=\/wp\/v2\/posts\/683\/revisions\/693"}],"wp:attachment":[{"href":"https:\/\/blogg.vm.ntnu.no\/hovedside\/index.php?rest_route=%2Fwp%2Fv2%2Fmedia&parent=683"}],"wp:term":[{"taxonomy":"category","embeddable":true,"href":"https:\/\/blogg.vm.ntnu.no\/hovedside\/index.php?rest_route=%2Fwp%2Fv2%2Fcategories&post=683"},{"taxonomy":"post_tag","embeddable":true,"href":"https:\/\/blogg.vm.ntnu.no\/hovedside\/index.php?rest_route=%2Fwp%2Fv2%2Ftags&post=683"}],"curies":[{"name":"wp","href":"https:\/\/api.w.org\/{rel}","templated":true}]}}