{"id":615,"date":"2010-01-25T15:20:53","date_gmt":"2010-01-25T13:20:53","guid":{"rendered":"http:\/\/blogg.vm.ntnu.no\/dylan\/?p=615"},"modified":"2010-01-25T15:20:53","modified_gmt":"2010-01-25T13:20:53","slug":"arkeologiske-undersokelser-i-grimsdalen-2009-kort-rapport","status":"publish","type":"post","link":"https:\/\/blogg.vm.ntnu.no\/dylan\/2010\/01\/25\/arkeologiske-undersokelser-i-grimsdalen-2009-kort-rapport\/","title":{"rendered":"Arkeologiske unders\u00f8kelser i Grimsdalen 2009 &#8211; kort rapport"},"content":{"rendered":"<div class=\"mceTemp\">\n<div id=\"attachment_660\" style=\"width: 702px\" class=\"wp-caption alignleft\"><a href=\"http:\/\/blogg.vm.ntnu.no\/dylan\/files\/2010\/01\/Utgravinger-i-Grimsdalen-201.jpg\"><img loading=\"lazy\" decoding=\"async\" aria-describedby=\"caption-attachment-660\" class=\"size-full wp-image-660\" title=\"Utgravinger-i-Grimsdalen-20\" src=\"http:\/\/blogg.vm.ntnu.no\/dylan\/files\/2010\/01\/Utgravinger-i-Grimsdalen-201.jpg\" alt=\"Utgravninger i Grimsdalen 2009. Foto: Lil Gustafson\" width=\"692\" height=\"255\" srcset=\"https:\/\/blogg.vm.ntnu.no\/dylan\/files\/2010\/01\/Utgravinger-i-Grimsdalen-201.jpg 692w, https:\/\/blogg.vm.ntnu.no\/dylan\/files\/2010\/01\/Utgravinger-i-Grimsdalen-201-300x110.jpg 300w\" sizes=\"auto, (max-width: 692px) 100vw, 692px\" \/><\/a><p id=\"caption-attachment-660\" class=\"wp-caption-text\">Utgravninger i Grimsdalen 2009. Foto: Lil Gustafson<\/p><\/div>\n<\/div>\n<p>Kulturhistorisk museum gjennomf\u00f8rte arkeologiske utgravninger i omr\u00e5det ved Grimsdalshytta\/Bj\u00f8rngardssetra i august 2009. Tre fangstgroper for rein, en hustuft og en gravhaug ble unders\u00f8kt. Det ble s\u00f8kt etter sperre-\/ledegjerde i myra mellom to av de unders\u00f8kte fangstgropene uten at spor kunne p\u00e5vises. Fire myrs\u00f8yler ble tatt ut for vegetasjonshistoriske unders\u00f8kelser (pollenanalyse).<\/p>\n<p><!--more-->Gjennom unders\u00f8kelsene \u00f8nsker vi \u00e5 finne ut:<\/p>\n<p>N\u00e5r ble fangstgropene anlagt og hvor lenge var de i bruk?<\/p>\n<p>N\u00e5r\/hvorfor ble det behov for fjellbeite?<\/p>\n<p>N\u00e5r ble setrene etablert?<\/p>\n<p>N\u00e5r ble gravene anlagt, og har det v\u00e6rt fast bosetning her tidligere?<\/p>\n<p>Har de ulike aktivitetene i omr\u00e5det foreg\u00e5tt i forskjellige tidsperioder eller har de samtidig?<\/p>\n<p>FANGSTGROPER FOR REIN<\/p>\n<p>Alle de tre fangstgropene var jordgravde groper med rektangul\u00e6rt bunnplan. Det er sannsynlig at de har hatt en indre trekonstruksjon da de var i bruk, men ingen rester av dette ble p\u00e5vist.<\/p>\n<div id=\"attachment_632\" style=\"width: 458px\" class=\"wp-caption aligncenter\"><img loading=\"lazy\" decoding=\"async\" aria-describedby=\"caption-attachment-632\" class=\"size-full wp-image-632\" src=\"http:\/\/blogg.vm.ntnu.no\/dylan\/files\/2010\/01\/Fanstgr_Stulen.jpg\" alt=\"To av fangstgropene ble unders\u00f8kt. De ligger i kanten av en myr.\" width=\"448\" height=\"299\" srcset=\"https:\/\/blogg.vm.ntnu.no\/dylan\/files\/2010\/01\/Fanstgr_Stulen.jpg 448w, https:\/\/blogg.vm.ntnu.no\/dylan\/files\/2010\/01\/Fanstgr_Stulen-300x200.jpg 300w\" sizes=\"auto, (max-width: 448px) 100vw, 448px\" \/><p id=\"caption-attachment-632\" class=\"wp-caption-text\">To av fangstgropene ble unders\u00f8kt. De ligger i kanten av en myr.<\/p><\/div>\n<div id=\"attachment_634\" style=\"width: 458px\" class=\"wp-caption aligncenter\"><img loading=\"lazy\" decoding=\"async\" aria-describedby=\"caption-attachment-634\" class=\"size-full wp-image-634\" src=\"http:\/\/blogg.vm.ntnu.no\/dylan\/files\/2010\/01\/FG3_profil1.jpg\" alt=\"Profil gjennom fangstgrop for rein.\" width=\"448\" height=\"299\" srcset=\"https:\/\/blogg.vm.ntnu.no\/dylan\/files\/2010\/01\/FG3_profil1.jpg 448w, https:\/\/blogg.vm.ntnu.no\/dylan\/files\/2010\/01\/FG3_profil1-300x200.jpg 300w\" sizes=\"auto, (max-width: 448px) 100vw, 448px\" \/><p id=\"caption-attachment-634\" class=\"wp-caption-text\">Profil gjennom fangstgrop for rein.<\/p><\/div>\n<div class=\"mceTemp mceIEcenter\" style=\"text-align: left\">SETERSTUE<\/div>\n<div class=\"mceTemp mceIEcenter\" style=\"text-align: left\">Den unders\u00f8kte hustufta ligger sammen med fem andre hustufter i et omr\u00e5de kalt Gammelstulen. Hustuftene kan v\u00e6re del av nedlagte setre.<\/div>\n<div id=\"attachment_637\" style=\"width: 458px\" class=\"wp-caption aligncenter\"><img loading=\"lazy\" decoding=\"async\" aria-describedby=\"caption-attachment-637\" class=\"size-full wp-image-637\" src=\"http:\/\/blogg.vm.ntnu.no\/dylan\/files\/2010\/01\/Oversiktgmlstulen.jpg\" alt=\"Innm\u00e5lingsplan over Gammelstulen. Hustuft 1 ble unders\u00f8kt.\" width=\"448\" height=\"317\" srcset=\"https:\/\/blogg.vm.ntnu.no\/dylan\/files\/2010\/01\/Oversiktgmlstulen.jpg 448w, https:\/\/blogg.vm.ntnu.no\/dylan\/files\/2010\/01\/Oversiktgmlstulen-300x212.jpg 300w\" sizes=\"auto, (max-width: 448px) 100vw, 448px\" \/><p id=\"caption-attachment-637\" class=\"wp-caption-text\">Innm\u00e5lingsplan over Gammelstulen. Hustuft 1 ble unders\u00f8kt.<\/p><\/div>\n<p>Bygningen har hatt en lengde p\u00e5 6,0 meter og bredde p\u00e5 4,8 meter. Det har v\u00e6rt en trebygning, laftet, som har v\u00e6rt anlagt p\u00e5 en steinmur og syllsteinsrekker. Et kvadratisk ildsted, 4,5&#215;4,5 meter, var anlagt inntil veggen i nord, i midten av bygningen. Ildstedet hadde kraftige kantstein og kantstilte steinheller noe som typer p\u00e5 at det har v\u00e6rt en peis. Bygningen har hatt jordgolv. Det ble funnet f\u00e5 gjenstander.<\/p>\n<p><strong> <\/strong>Ut fra unders\u00f8kelsen er bygningen tolket \u00e5 ha v\u00e6rt en seterstue. Det var ikke mulig ut fra den begrensete unders\u00f8kelsen \u00e5 avgj\u00f8re om bygningen har hatt ett eller flere rom, men det er sannsynlig at det har v\u00e6rt en to-roms bygning.<\/p>\n<div id=\"attachment_638\" style=\"width: 458px\" class=\"wp-caption aligncenter\"><img loading=\"lazy\" decoding=\"async\" aria-describedby=\"caption-attachment-638\" class=\"size-full wp-image-638\" src=\"http:\/\/blogg.vm.ntnu.no\/dylan\/files\/2010\/01\/HT1_avtorvet.jpg\" alt=\"Unders\u00f8kelse av hustuft 1.\" width=\"448\" height=\"299\" srcset=\"https:\/\/blogg.vm.ntnu.no\/dylan\/files\/2010\/01\/HT1_avtorvet.jpg 448w, https:\/\/blogg.vm.ntnu.no\/dylan\/files\/2010\/01\/HT1_avtorvet-300x200.jpg 300w\" sizes=\"auto, (max-width: 448px) 100vw, 448px\" \/><p id=\"caption-attachment-638\" class=\"wp-caption-text\">Unders\u00f8kelse av hustuft 1.<\/p><\/div>\n<div id=\"attachment_639\" style=\"width: 458px\" class=\"wp-caption aligncenter\"><img loading=\"lazy\" decoding=\"async\" aria-describedby=\"caption-attachment-639\" class=\"size-full wp-image-639\" src=\"http:\/\/blogg.vm.ntnu.no\/dylan\/files\/2010\/01\/TuftI_gjstander_komp.jpg\" alt=\"Gjenstander funnet i og rundt hustuften.\" width=\"448\" height=\"299\" srcset=\"https:\/\/blogg.vm.ntnu.no\/dylan\/files\/2010\/01\/TuftI_gjstander_komp.jpg 448w, https:\/\/blogg.vm.ntnu.no\/dylan\/files\/2010\/01\/TuftI_gjstander_komp-300x200.jpg 300w\" sizes=\"auto, (max-width: 448px) 100vw, 448px\" \/><p id=\"caption-attachment-639\" class=\"wp-caption-text\">Gjenstander funnet i og rundt hustuften.<\/p><\/div>\n<div id=\"attachment_640\" style=\"width: 328px\" class=\"wp-caption aligncenter\"><img loading=\"lazy\" decoding=\"async\" aria-describedby=\"caption-attachment-640\" class=\"size-full wp-image-640\" src=\"http:\/\/blogg.vm.ntnu.no\/dylan\/files\/2010\/01\/HT1_rekonstruksjon2.jpg\" alt=\"Rekonstruksjon av hustuften.\" width=\"318\" height=\"448\" srcset=\"https:\/\/blogg.vm.ntnu.no\/dylan\/files\/2010\/01\/HT1_rekonstruksjon2.jpg 318w, https:\/\/blogg.vm.ntnu.no\/dylan\/files\/2010\/01\/HT1_rekonstruksjon2-212x300.jpg 212w\" sizes=\"auto, (max-width: 318px) 100vw, 318px\" \/><p id=\"caption-attachment-640\" class=\"wp-caption-text\">Rekonstruksjon av hustuften.<\/p><\/div>\n<p><span style=\"font-family: Times;font-size: small\">GRAVHAUG<\/span><\/p>\n<p><span>En gravhaug med diameter p\u00e5 10,0 meter og en h\u00f8yde opp til 0,7 meter ble unders\u00f8kt. Haugen har v\u00e6rt bygd opp av sand, grus og sm\u00e5stein og har hatt en fotgr\u00f8ft. I midten av haugen er det et stor \u201dkrater\u201d etter tidligere tiders plyndring av graven. Ingen gjenstander eller bein ble funnet.<\/span><\/p>\n<p>Trekullpr\u00f8ver fra unders\u00f8kelsene er sent til 14C-datering. I l\u00f8pet av vinteren 2009\/2010 f\u00e5r vi vite hvor gamle kulturminnene er.<\/p>\n<div id=\"attachment_641\" style=\"width: 458px\" class=\"wp-caption aligncenter\"><img loading=\"lazy\" decoding=\"async\" aria-describedby=\"caption-attachment-641\" class=\"size-full wp-image-641\" src=\"http:\/\/blogg.vm.ntnu.no\/dylan\/files\/2010\/01\/GH1.jpg\" alt=\"Gravhaug f\u00f8r unders\u00f8kelse\" width=\"448\" height=\"299\" srcset=\"https:\/\/blogg.vm.ntnu.no\/dylan\/files\/2010\/01\/GH1.jpg 448w, https:\/\/blogg.vm.ntnu.no\/dylan\/files\/2010\/01\/GH1-300x200.jpg 300w\" sizes=\"auto, (max-width: 448px) 100vw, 448px\" \/><p id=\"caption-attachment-641\" class=\"wp-caption-text\">Gravhaug f\u00f8r unders\u00f8kelse<\/p><\/div>\n<div id=\"attachment_642\" style=\"width: 458px\" class=\"wp-caption aligncenter\"><img loading=\"lazy\" decoding=\"async\" aria-describedby=\"caption-attachment-642\" class=\"size-full wp-image-642\" src=\"http:\/\/blogg.vm.ntnu.no\/dylan\/files\/2010\/01\/GH1_profil.jpg\" alt=\"Profil gjennom gravhaugen.\" width=\"448\" height=\"299\" srcset=\"https:\/\/blogg.vm.ntnu.no\/dylan\/files\/2010\/01\/GH1_profil.jpg 448w, https:\/\/blogg.vm.ntnu.no\/dylan\/files\/2010\/01\/GH1_profil-300x200.jpg 300w\" sizes=\"auto, (max-width: 448px) 100vw, 448px\" \/><p id=\"caption-attachment-642\" class=\"wp-caption-text\">Profil gjennom gravhaugen.<\/p><\/div>\n","protected":false},"excerpt":{"rendered":"<p>Kulturhistorisk museum gjennomf\u00f8rte arkeologiske utgravninger i omr\u00e5det ved Grimsdalshytta\/Bj\u00f8rngardssetra i august 2009. Tre fangstgroper for rein, en hustuft og en gravhaug ble unders\u00f8kt. Det ble s\u00f8kt etter sperre-\/ledegjerde i myra mellom to av de unders\u00f8kte fangstgropene uten at spor kunne p\u00e5vises. Fire myrs\u00f8yler ble tatt ut for vegetasjonshistoriske unders\u00f8kelser (pollenanalyse).<\/p>\n","protected":false},"author":51,"featured_media":0,"comment_status":"open","ping_status":"open","sticky":false,"template":"","format":"standard","meta":{"_monsterinsights_skip_tracking":false,"_monsterinsights_sitenote_active":false,"_monsterinsights_sitenote_note":"","_monsterinsights_sitenote_category":0,"footnotes":""},"categories":[5],"tags":[19,20,31],"class_list":["post-615","post","type-post","status-publish","format-standard","hentry","category-grimsdalen","tag-kulturhistorie","tag-kulturhistorisk-museum-uio","tag-vegetasjonshistorie"],"_links":{"self":[{"href":"https:\/\/blogg.vm.ntnu.no\/dylan\/wp-json\/wp\/v2\/posts\/615","targetHints":{"allow":["GET"]}}],"collection":[{"href":"https:\/\/blogg.vm.ntnu.no\/dylan\/wp-json\/wp\/v2\/posts"}],"about":[{"href":"https:\/\/blogg.vm.ntnu.no\/dylan\/wp-json\/wp\/v2\/types\/post"}],"author":[{"embeddable":true,"href":"https:\/\/blogg.vm.ntnu.no\/dylan\/wp-json\/wp\/v2\/users\/51"}],"replies":[{"embeddable":true,"href":"https:\/\/blogg.vm.ntnu.no\/dylan\/wp-json\/wp\/v2\/comments?post=615"}],"version-history":[{"count":0,"href":"https:\/\/blogg.vm.ntnu.no\/dylan\/wp-json\/wp\/v2\/posts\/615\/revisions"}],"wp:attachment":[{"href":"https:\/\/blogg.vm.ntnu.no\/dylan\/wp-json\/wp\/v2\/media?parent=615"}],"wp:term":[{"taxonomy":"category","embeddable":true,"href":"https:\/\/blogg.vm.ntnu.no\/dylan\/wp-json\/wp\/v2\/categories?post=615"},{"taxonomy":"post_tag","embeddable":true,"href":"https:\/\/blogg.vm.ntnu.no\/dylan\/wp-json\/wp\/v2\/tags?post=615"}],"curies":[{"name":"wp","href":"https:\/\/api.w.org\/{rel}","templated":true}]}}